{"id":1145,"date":"2023-09-21T08:03:28","date_gmt":"2023-09-21T08:03:28","guid":{"rendered":"https:\/\/pianopedagogit.fi\/?p=1145"},"modified":"2024-02-10T16:50:29","modified_gmt":"2024-02-10T16:50:29","slug":"xlvii-valtakunnallinen-pianoseminaari-10-11-2-2024-imatralla","status":"publish","type":"post","link":"https:\/\/pianopedagogit.fi\/?p=1145","title":{"rendered":"XLVII VALTAKUNNALLINEN PIANOSEMINAARI 10.-11.2.2024 Imatralla"},"content":{"rendered":"<p>Pianopedagogit ry:n<\/p>\n<p><strong>XLVII VALTAKUNNALLINEN PIANOSEMINAARI<\/strong><br \/>\n10.-11.2.2024 Imatralla<br \/>\nVirta-opiston musiikkiopisto, Virta-opisto, Virastokatu 1, 55100 Imatra<\/p>\n<div class=\"\" data-block=\"true\" data-editor=\"bchcp\" data-offset-key=\"dklrb-0-0\">\n<div class=\"_1mf _1mj\" data-offset-key=\"dklrb-0-0\">\n<p><strong>OHJELMA<\/strong><\/p>\n<p><strong>Lauantai 10.2.<\/strong><br \/>\nklo 10:00 Ilmoittautuminen<br \/>\nklo 11:00 Seminaarin avaus, puheenjohtaja Katarina Nummi-Kuisma ja Virta-opiston rehtori Sarianna Purtilo<br \/>\nklo 11:05 Virta-opiston kollegion esitt\u00e4ytyminen<br \/>\nklo 11:10 Oppilaskonsertti, Virta-opiston oppilaat<br \/>\nklo 11:45 Virta-opiston pianonsoiton ryhm\u00e4opetuksen esittely, Anna-Leena Matero-Karppinen, Elisa M\u00e4kel\u00e4, Reetta Taavila<br \/>\nklo 12:00 Turun konservatorion pianonsoiton ryhm\u00e4opetuksen esittely, Maija Marjokorpi<br \/>\nklo 12:15 Espoon musiikkiopiston pianonsoiton ryhm\u00e4opetuksen esittely, Rebekka Angervo<br \/>\nklo 12:30 Keskustelua ryhm\u00e4opetuksesta, moderaattorina Rebekka Angervo<br \/>\nklo 13:00 Lounas ja nuottin\u00e4yttelyt<br \/>\nklo 14:30 Amerikkalainen pianomusiikki, Mackenzie Melemed<br \/>\nklo 15:30 Ajatuksia harjoittelun opettamisesta, Niklas Pokki<br \/>\nklo 16:45 Vuosikokous<br \/>\nklo 19:00 Konsertti &#8211; Messiaen, Chopin, pianotaiteilija Johannes Piirto<br \/>\nklo 20:45 Illanvietto, Valtionhotellin Linnasali (buffet-ateria 30\u20ac)<\/p>\n<p><strong>Sunnuntai 11.2.<br \/>\n<\/strong>klo 11:00 Ilmari Hannikaisen pianomusiikki, Jenni Lappalainen<br \/>\nklo 12:00 Pianotaiteilija Johannes Piirtoa haastattelee Eeva Sarmanto-Neuvonen<br \/>\nklo 12:30 Tauko ja nuottin\u00e4yttely<br \/>\nklo 13:00 Suuri OPS-keskustelu, moderaattorina Helsingin konservatorion koulutusp\u00e4\u00e4llikk\u00f6 Iina Harjula<br \/>\nklo 15:00 Seminaarin p\u00e4\u00e4t\u00f6s<\/p>\n<p><strong style=\"font-size: 1rem;\">OSALLISTUMISMAKSUT<br \/>\n<\/strong><span style=\"font-size: 1rem;\">J\u00e4senet ja opiskelijat 85\u20ac<br \/>\n<\/span><span style=\"font-size: 1rem;\">El\u00e4kel\u00e4iset 55\u20ac<br \/>\n<\/span><span style=\"font-size: 1rem;\">Muut (ei j\u00e4senet) 135\u20ac<br \/>\n<\/span>Illanvieton buffet-ateria 30\u20ac, maksetaan ennakkoon ilmoittautumisen yhteydess\u00e4.<\/p>\n<\/div>\n<\/div>\n<div class=\"\" data-block=\"true\" data-editor=\"bchcp\" data-offset-key=\"an2ei-0-0\">\n<div class=\"_1mf _1mj\" data-offset-key=\"an2ei-0-0\">\n<p><strong>ILMOITTAUTUMINEN<br \/>\n11.1.2024 menness\u00e4<br \/>\n<\/strong>maksamalla osallistumismaksu ja mahdollinen buffet-ateria Pianopedagogit ry:n tilille IBAN: FI55 1014 3000 1414 87<br \/>\nLis\u00e4tietoja: <a href=\"mailto:sihteeri@pianopedagogit.fi\">sihteeri@pianopedagogit.fi<\/a><\/p>\n<p>J\u00e4senhintaisen osallistumismaksun voivat maksaa Pianopedagogit ry:n j\u00e4senluetteloon merkityt ja vuoden 2023 j\u00e4senmaksunsa maksaneet seminaarin osanottajat.<br \/>\nIlmoittautuminen on sitova. Osallistumismaksu ja buffet-ateriamaksu palautetaan ainoastaan l\u00e4\u00e4k\u00e4rintodistusta vastaan.<br \/>\n<strong>HUOM! <\/strong>Pianoseminaariin osallistuminen on ilmaista ammattioppilaitosten <strong>pianopedagogiikan p\u00e4\u00e4toimisille opiskelijoille<\/strong>. Osallistuminen edellytt\u00e4\u00e4 kuitenkin ilmoittautumista s\u00e4hk\u00f6postitse 11.1.2024 menness\u00e4 osoitteeseen: <a href=\"mailto:sihteeri@pianopedagogit.fi\">sihteeri@pianopedagogit.fi<\/a><\/p>\n<p><strong>MAJOITUS<br \/>\n<\/strong>Seminaarin osanottajia varten on varattu majoituskiinti\u00f6t ajalle 10.-11.2.2024:<\/p>\n<p><strong>Scandic Imatran Valtionhotelli<br \/>\n<\/strong>Torkkelinkatu 2<br \/>\n55100 Imatra<br \/>\nPuh: +358 5 7899 300<br \/>\n<span style=\"font-size: 1rem;\">S\u00e4hk\u00f6posti: imatranvaltionhotelli@scandichotels.com<\/span><\/p>\n<p><span style=\"font-size: 1rem;\"><strong>Standard<\/strong> (Puistorakennus)<br \/>\n1hh 115\u20ac\/vrk, <\/span><span style=\"font-size: 1rem;\">2 hh 135\u20ac\/vrk<br \/>\n<\/span><strong>Superior<\/strong> (Linnahotelli)<br \/>\n1hh 155\u20ac\/vrk, 2hh 175\u20ac\/vrk<\/p>\n<p>Huonehintaan sis\u00e4ltyy runsas luomutuotteita sis\u00e4lt\u00e4v\u00e4 aamiainen, langaton internet ja asiakassauna (illalla).<br \/>\nJokainen varaa huoneensa itse varauskeskuksesta, nettisivuilta<br \/>\n<a href=\"http:\/\/www.scandichotels.fi\/?bookingcode=BPIA090224\">www.scandichotels.fi\/?bookingcode=BPIA090224<\/a><br \/>\ntai suoraan hotellista yll\u00e4 olevia yhteystietoja ja varaustunnusta BPIA090224 k\u00e4ytt\u00e4m\u00e4ll\u00e4.<br \/>\nVaraukset viimeist\u00e4\u00e4n 11.1.2024.<br \/>\nHUOM! Hotellilla on tarvittaessa oikeus sulkea kiinti\u00f6n saatavuus varaustilanteen mukaan. Kehotamme siksi tekem\u00e4\u00e4n varaus hyviss\u00e4 ajoin huoneen varmistamiseksi.<\/p>\n<p><strong>ILLANVIETTO<br \/>\n<\/strong><span style=\"font-size: 1rem;\">Lauantain 10.2. iltakonsertin j\u00e4lkeen kokoonnumme Valtionhotellin Linnasaliin, jossa tarjolla buffet-ateria hintaan 30\u20ac. Buffet maksetaan ennakkoon ilmoittautumisen yhteydess\u00e4. Ilmoitathan samalla erityisruokavaliotoiveestasi, kiitos.<\/span><\/p>\n<p><strong>Buffetin menu<br \/>\n<\/strong>Katkarapuskagen (L,G)<br \/>\nSalaattibuffet<br \/>\nLeip\u00e4valikoima, levitett\u00e4<br \/>\nPaistettua kananrintaa ja herkkusieni\u00e4 marsalakastikkeessa (L,G)<br \/>\nL\u00e4mminsavustettua lohta ja ruohosipulivoikastiketta (L,G)<br \/>\nKasviskoftapihvej\u00e4 ja chilimajoneesia (L,G)<br \/>\nPersiljaperunoita (L,G)<br \/>\nJuustokakkua ja mansikkamelbaa (L)<\/p>\n<p><strong>KOKOUSKUTSU<\/strong><br \/>\nPianopedagogit ry:n s\u00e4\u00e4nt\u00f6m\u00e4\u00e4r\u00e4inen vuosikokous pidet\u00e4\u00e4n lauantaina 10.2.2024 klo 16:45 Virta-opistossa, Kulttuuritalo Virta, Virastokatu 1, 55100 Imatra.<br \/>\nKokouksessa k\u00e4sitell\u00e4\u00e4n s\u00e4\u00e4nt\u00f6m\u00e4\u00e4r\u00e4iset vuosikokousasiat.<br \/>\nS\u00e4\u00e4nn\u00f6t ovat luettavissa yhdistyksen kotisivuilta <a href=\"http:\/\/www.pianopedagogit.fi\">http:\/\/www.pianopedagogit.fi<\/a><\/p>\n<p><strong>PALAUTE<br \/>\n<\/strong>Seminaarin osallistujat voivat antaa palautetta t\u00e4ytt\u00e4m\u00e4ll\u00e4 palautelomakkeen paikan p\u00e4\u00e4ll\u00e4. Lomakkeen l\u00f6yd\u00e4t my\u00f6s t\u00e4st\u00e4: <a href=\"https:\/\/pianopedagogit.fi\/wp-content\/uploads\/2024\/01\/Pianopedagogit-Imatra2024-Palautelomake.pdf\">Imatra2024-Palautelomake<\/a> ja voit palauttaa sen s\u00e4hk\u00f6postitse: <a href=\"mailto:sihteeri@pianopedagogit.fi\">sihteeri@pianopedagogit.fi<\/a><\/p>\n<\/div>\n<\/div>\n","protected":false},"excerpt":{"rendered":"<p>Pianopedagogit ry:n XLVII VALTAKUNNALLINEN PIANOSEMINAARI 10.-11.2.2024 Imatralla Virta-opiston musiikkiopisto, Virta-opisto, Virastokatu 1, 55100 Imatra OHJELMA Lauantai 10.2. klo 10:00 Ilmoittautuminen klo 11:00 Seminaarin avaus, puheenjohtaja Katarina Nummi-Kuisma ja Virta-opiston rehtori Sarianna Purtilo klo 11:05 Virta-opiston kollegion esitt\u00e4ytyminen klo 11:10 Oppilaskonsertti, Virta-opiston oppilaat klo 11:45 Virta-opiston pianonsoiton ryhm\u00e4opetuksen esittely, Anna-Leena Matero-Karppinen, Elisa M\u00e4kel\u00e4, Reetta Taavila klo &hellip; <\/p>\n<p class=\"link-more\"><a href=\"https:\/\/pianopedagogit.fi\/?p=1145\" class=\"more-link\">Continue reading<span class=\"screen-reader-text\"> &#8220;XLVII VALTAKUNNALLINEN PIANOSEMINAARI 10.-11.2.2024 Imatralla&#8221;<\/span><\/a><\/p>\n","protected":false},"author":6,"featured_media":1146,"comment_status":"closed","ping_status":"open","sticky":false,"template":"","format":"standard","meta":{"footnotes":""},"categories":[7,1],"tags":[],"class_list":["post-1145","post","type-post","status-publish","format-standard","has-post-thumbnail","hentry","category-kuulumisia","category-uncategorized"],"_links":{"self":[{"href":"https:\/\/pianopedagogit.fi\/index.php?rest_route=\/wp\/v2\/posts\/1145","targetHints":{"allow":["GET"]}}],"collection":[{"href":"https:\/\/pianopedagogit.fi\/index.php?rest_route=\/wp\/v2\/posts"}],"about":[{"href":"https:\/\/pianopedagogit.fi\/index.php?rest_route=\/wp\/v2\/types\/post"}],"author":[{"embeddable":true,"href":"https:\/\/pianopedagogit.fi\/index.php?rest_route=\/wp\/v2\/users\/6"}],"replies":[{"embeddable":true,"href":"https:\/\/pianopedagogit.fi\/index.php?rest_route=%2Fwp%2Fv2%2Fcomments&post=1145"}],"version-history":[{"count":15,"href":"https:\/\/pianopedagogit.fi\/index.php?rest_route=\/wp\/v2\/posts\/1145\/revisions"}],"predecessor-version":[{"id":1192,"href":"https:\/\/pianopedagogit.fi\/index.php?rest_route=\/wp\/v2\/posts\/1145\/revisions\/1192"}],"wp:featuredmedia":[{"embeddable":true,"href":"https:\/\/pianopedagogit.fi\/index.php?rest_route=\/wp\/v2\/media\/1146"}],"wp:attachment":[{"href":"https:\/\/pianopedagogit.fi\/index.php?rest_route=%2Fwp%2Fv2%2Fmedia&parent=1145"}],"wp:term":[{"taxonomy":"category","embeddable":true,"href":"https:\/\/pianopedagogit.fi\/index.php?rest_route=%2Fwp%2Fv2%2Fcategories&post=1145"},{"taxonomy":"post_tag","embeddable":true,"href":"https:\/\/pianopedagogit.fi\/index.php?rest_route=%2Fwp%2Fv2%2Ftags&post=1145"}],"curies":[{"name":"wp","href":"https:\/\/api.w.org\/{rel}","templated":true}]}}