{"id":528,"date":"2019-01-18T10:11:36","date_gmt":"2018-02-06T08:35:20","guid":{"rendered":"https:\/\/pianopedagogit.fi\/?p=528"},"modified":"2019-01-18T10:11:36","modified_gmt":"2018-02-06T08:35:20","slug":"xliii-valtakunnallinen-pianoseminaari-rovaniemella-9-10-2-2019","status":"publish","type":"post","link":"https:\/\/pianopedagogit.fi\/?p=528","title":{"rendered":"XLIII VALTAKUNNALLINEN PIANOSEMINAARI ROVANIEMELL\u00c4 9.-10.2.2019"},"content":{"rendered":"<p><strong>ALUSTAVA OHJELMA:<\/strong><\/p>\n<p><span style=\"text-decoration: underline;\">La 9.2.2019<\/span><\/p>\n<p>11.00 Avajaiset<br \/>\n11.15 Konserttiesitys &#8211; Maiju Roineen pianosarja<br \/>\n11.30 Opetusdemonstraatio &#8211; Sanna Vaarni<br \/>\n12.30 Lounas<br \/>\n14.00 Suomalaisia pianoseuroja &#8211; lyhyit\u00e4 esittelyit\u00e4<br \/>\n14.45 Kahvi<br \/>\n15.15 Uudet opetussuunnitelmat &#8211; muuttuva opettajuus, alustus ja keskustelua &#8211; Timo Klemettinen, SML:n toiminnanjohtaja<br \/>\n16.45 Vuosikokous<br \/>\n19.00\u00a0Konsertti &#8211; Anna Laakso yst\u00e4vineen<br \/>\n(Iltaohjelmaa, tarkentuu my\u00f6hemmin)<\/p>\n<p><span style=\"text-decoration: underline;\">Su 10.2.<\/span><\/p>\n<p>11.00 Konserttiesitys \/ Lapin musiikkiopiston oppilaat<br \/>\n11.45 Anna Laakson haastattelu<br \/>\n12.15 Palautteen antamisen taito, alustus ja keskustelua &#8211; Katarina Nummi ja Junio Kimanen<br \/>\n13.45 Seminaarin p\u00e4\u00e4t\u00f6s<\/p>\n<p><!--more--><\/p>\n<p>&nbsp;<\/p>\n","protected":false},"excerpt":{"rendered":"<p>ALUSTAVA OHJELMA: La 9.2.2019 11.00 Avajaiset 11.15 Konserttiesitys &#8211; Maiju Roineen pianosarja 11.30 Opetusdemonstraatio &#8211; Sanna Vaarni 12.30 Lounas 14.00 Suomalaisia pianoseuroja &#8211; lyhyit\u00e4 esittelyit\u00e4 14.45 Kahvi 15.15 Uudet opetussuunnitelmat &#8211; muuttuva opettajuus, alustus ja keskustelua &#8211; Timo Klemettinen, SML:n toiminnanjohtaja 16.45 Vuosikokous 19.00\u00a0Konsertti &#8211; Anna Laakso yst\u00e4vineen (Iltaohjelmaa, tarkentuu my\u00f6hemmin) Su 10.2. 11.00 Konserttiesitys &hellip; <\/p>\n<p class=\"link-more\"><a href=\"https:\/\/pianopedagogit.fi\/?p=528\" class=\"more-link\">Continue reading<span class=\"screen-reader-text\"> &#8220;XLIII VALTAKUNNALLINEN PIANOSEMINAARI ROVANIEMELL\u00c4 9.-10.2.2019&#8221;<\/span><\/a><\/p>\n","protected":false},"author":3,"featured_media":0,"comment_status":"open","ping_status":"closed","sticky":false,"template":"","format":"standard","meta":{"footnotes":""},"categories":[7,39,13],"tags":[],"class_list":["post-528","post","type-post","status-publish","format-standard","hentry","category-kuulumisia","category-pianoseminaari-2019","category-tiedotteita"],"_links":{"self":[{"href":"https:\/\/pianopedagogit.fi\/index.php?rest_route=\/wp\/v2\/posts\/528","targetHints":{"allow":["GET"]}}],"collection":[{"href":"https:\/\/pianopedagogit.fi\/index.php?rest_route=\/wp\/v2\/posts"}],"about":[{"href":"https:\/\/pianopedagogit.fi\/index.php?rest_route=\/wp\/v2\/types\/post"}],"author":[{"embeddable":true,"href":"https:\/\/pianopedagogit.fi\/index.php?rest_route=\/wp\/v2\/users\/3"}],"replies":[{"embeddable":true,"href":"https:\/\/pianopedagogit.fi\/index.php?rest_route=%2Fwp%2Fv2%2Fcomments&post=528"}],"version-history":[{"count":0,"href":"https:\/\/pianopedagogit.fi\/index.php?rest_route=\/wp\/v2\/posts\/528\/revisions"}],"wp:attachment":[{"href":"https:\/\/pianopedagogit.fi\/index.php?rest_route=%2Fwp%2Fv2%2Fmedia&parent=528"}],"wp:term":[{"taxonomy":"category","embeddable":true,"href":"https:\/\/pianopedagogit.fi\/index.php?rest_route=%2Fwp%2Fv2%2Fcategories&post=528"},{"taxonomy":"post_tag","embeddable":true,"href":"https:\/\/pianopedagogit.fi\/index.php?rest_route=%2Fwp%2Fv2%2Ftags&post=528"}],"curies":[{"name":"wp","href":"https:\/\/api.w.org\/{rel}","templated":true}]}}